{"id":209,"date":"2011-06-23T21:41:34","date_gmt":"2011-06-23T19:41:34","guid":{"rendered":"http:\/\/www.kolping-kell.de\/wp\/?p=209"},"modified":"2011-06-23T21:41:34","modified_gmt":"2011-06-23T19:41:34","slug":"taekwondo-%e2%80%93-guertelpruefung","status":"publish","type":"post","link":"https:\/\/www.kolping-kell.de\/wp\/allgemein\/2011-06\/taekwondo-%e2%80%93-guertelpruefung","title":{"rendered":"Taekwondo \u2013 Guertelpruefung"},"content":{"rendered":"<p>[singlepic=2930,100,240,,left]Am 19.06.2011, 10.00 Uhr begann die 1. Pr\u00fcfung f\u00fcr dieses Jahr. Pr\u00fcfer war Karl \u2013 Otto Gemmel, 5. Dan Taekwondo und bestellter Pr\u00fcfer des Landesverbandes der Taekwondo Union Saar.\u00a0 Es war wieder einmal eine sehr lehrreiche Veranstaltung. <!--more-->Beste Pr\u00fcfung legte Ursula Steuer zum 2. KUP ab. Bei der Theorie gab es noch eine \u00dcberraschung, da Tobias Weiland der sich seiner ersten Pr\u00fcfung stellte als Einziger den\u00a0 Namen der koreanischen Flagge wusste: <strong>Taegukki<\/strong><\/p>\n<p>Folgende Graduierungen wurden erreicht:<\/p>\n<p>Tobias Weiland\u00a0\u00a0 9. Kup gelb\/wei\u00df<br \/>\nKevin Marx\u00a0 5. Kup blau\/gr\u00fcn<br \/>\nSebastian Andres\u00a0 4. Kup blau<br \/>\nPascal Steuer\u00a0 4. Kup blau<br \/>\nFabian Stanik\u00a0 3. Kup rot\/blau<br \/>\nMaximilian Stanik 3. Kup rot\/blau<br \/>\nPhilipp Steuer\u00a0 2. Kup rot<br \/>\nUrsula Steuer\u00a0 2. Kup rot<\/p>\n<p>Herzliche Gl\u00fcckw\u00fcnsche!<\/p>\n\n","protected":false},"excerpt":{"rendered":"<p>[singlepic=2930,100,240,,left]Am 19.06.2011, 10.00 Uhr begann die 1. Pr\u00fcfung f\u00fcr dieses Jahr. Pr\u00fcfer war Karl \u2013 Otto Gemmel, 5. Dan Taekwondo und bestellter Pr\u00fcfer des Landesverbandes der Taekwondo Union Saar.\u00a0 Es war wieder einmal eine sehr lehrreiche Veranstaltung.<\/p>\n","protected":false},"author":3,"featured_media":0,"comment_status":"closed","ping_status":"closed","sticky":false,"template":"","format":"standard","meta":{"footnotes":""},"categories":[1],"tags":[],"class_list":["post-209","post","type-post","status-publish","format-standard","hentry","category-allgemein"],"_links":{"self":[{"href":"https:\/\/www.kolping-kell.de\/wp\/wp-json\/wp\/v2\/posts\/209","targetHints":{"allow":["GET"]}}],"collection":[{"href":"https:\/\/www.kolping-kell.de\/wp\/wp-json\/wp\/v2\/posts"}],"about":[{"href":"https:\/\/www.kolping-kell.de\/wp\/wp-json\/wp\/v2\/types\/post"}],"author":[{"embeddable":true,"href":"https:\/\/www.kolping-kell.de\/wp\/wp-json\/wp\/v2\/users\/3"}],"replies":[{"embeddable":true,"href":"https:\/\/www.kolping-kell.de\/wp\/wp-json\/wp\/v2\/comments?post=209"}],"version-history":[{"count":0,"href":"https:\/\/www.kolping-kell.de\/wp\/wp-json\/wp\/v2\/posts\/209\/revisions"}],"wp:attachment":[{"href":"https:\/\/www.kolping-kell.de\/wp\/wp-json\/wp\/v2\/media?parent=209"}],"wp:term":[{"taxonomy":"category","embeddable":true,"href":"https:\/\/www.kolping-kell.de\/wp\/wp-json\/wp\/v2\/categories?post=209"},{"taxonomy":"post_tag","embeddable":true,"href":"https:\/\/www.kolping-kell.de\/wp\/wp-json\/wp\/v2\/tags?post=209"}],"curies":[{"name":"wp","href":"https:\/\/api.w.org\/{rel}","templated":true}]}}